{"id":1064,"date":"2020-06-30T22:59:09","date_gmt":"2020-06-30T20:59:09","guid":{"rendered":"http:\/\/collectifmdm-idf.org\/?p=1064"},"modified":"2020-10-08T20:34:40","modified_gmt":"2020-10-08T18:34:40","slug":"appel-a-candidatures-exceptionnel-pour-soutenir-les-artistes-francophones-programme-trame-de-la-cite-internationale-des-arts-jusquau-5-juillet-2020","status":"publish","type":"post","link":"https:\/\/collectifmdm-idf.org\/annuaire5\/appel-a-candidatures-exceptionnel-pour-soutenir-les-artistes-francophones-programme-trame-de-la-cite-internationale-des-arts-jusquau-5-juillet-2020\/","title":{"rendered":"Appel \u00e0 candidatures exceptionnel pour soutenir les artistes francophones &#8211; Programme TRAME de la Cit\u00e9 internationale des arts  (jusqu&#8217;au 5 juillet 2020)"},"content":{"rendered":"\n<h2 class=\"wp-block-heading\"><\/h2>\n\n\n\n<p class=\"has-medium-font-size\">Les artistes et les professionnels de la culture \u00e9tant particuli\u00e8rement touch\u00e9s par la crise actuelle et afin de poursuivre son soutien aux cr\u00e9ateurs francophones de toutes disciplines dans le cadre de ses actions en tant que p\u00f4le de r\u00e9f\u00e9rence de la cr\u00e9ation francophone, <strong><a href=\"https:\/\/www.citedesartsparis.net\/fr\/\" target=\"_blank\" rel=\"noreferrer noopener\">la Cit\u00e9 internationale des arts <\/a><\/strong>fait \u00e9voluer son action et lance <strong>une \u00e9dition exceptionnelle\u00a0du programme \u00ab\u00a0TRAME\u00a0\u00bb pour l&#8217;automne 2020<\/strong>.<\/p>\n\n\n\n<p class=\"has-medium-font-size\"><strong>Cette \u00e9dition s\u2019adresse aux artistes francophones de toutes nationalit\u00e9s, pr\u00e9sents sur le territoire fran\u00e7ais uniquement. <\/strong><\/p>\n\n\n\n<p class=\"has-medium-font-size\">5 candidatures seront retenues pour une r\u00e9sidence \u00e0 l\u2019automne 2020 (octobre-d\u00e9cembre).<\/p>\n\n\n\n<p class=\"has-medium-font-size\">Toutes les informations et questions pratiques sont \u00a0<\/p>\n\n\n\n<p class=\"has-medium-font-size\">(merci de bien consulter ces \u00e9l\u00e9ments avant le d\u00e9p\u00f4t de votre candidature).\u00a0<\/p>\n\n\n\n<p><\/p>\n\n\n\n<p class=\"has-text-align-center has-medium-font-size\"><strong><a rel=\"noreferrer noopener\" href=\"https:\/\/forms.gle\/cD1RNSsQ9pSy9XFY6\" target=\"_blank\">D\u00c9POSER VOTRE CANDIDATURE ICI <\/a><\/strong> <\/p>\n\n\n\n<h2 class=\"wp-block-heading\"><\/h2>\n\n\n\n<p class=\"has-medium-font-size\">Si vous ne pouvez pas acc\u00e9der \u00e0 l\u2019inscription en ligne, merci de contacter le service des commissions de la Cit\u00e9 internationale des arts&nbsp;:&nbsp;<a href=\"mailto:commissions@citedesartsparis.fr\">commissions@citedesartsparis.fr<\/a><\/p>\n\n\n\n<h2 class=\"wp-block-heading\"><\/h2>\n\n\n\n<p class=\"has-text-color has-text-align-center has-medium-font-size has-luminous-vivid-orange-color\"><strong>&#8212;o&#8212;<\/strong><\/p>\n\n\n\n<h2 class=\"wp-block-heading\"><\/h2>\n","protected":false},"excerpt":{"rendered":"<p>Les artistes et les professionnels de la culture \u00e9tant particuli\u00e8rement touch\u00e9s par la crise actuelle et afin de poursuivre son soutien aux cr\u00e9ateurs francophones de toutes disciplines dans le cadre de ses actions en tant que p\u00f4le de r\u00e9f\u00e9rence de la cr\u00e9ation<\/p>\n<p class=\"link-more\"><a class=\"myButt \" href=\"https:\/\/collectifmdm-idf.org\/annuaire5\/appel-a-candidatures-exceptionnel-pour-soutenir-les-artistes-francophones-programme-trame-de-la-cite-internationale-des-arts-jusquau-5-juillet-2020\/\">EN SAVOIR +<\/a><\/p>\n","protected":false},"author":1,"featured_media":1067,"comment_status":"open","ping_status":"open","sticky":false,"template":"","format":"standard","meta":{"_rtcl_gb_attr":"","footnotes":""},"categories":[37],"tags":[],"class_list":["post-1064","post","type-post","status-publish","format-standard","has-post-thumbnail","hentry","category-appel-a-candidatures"],"_links":{"self":[{"href":"https:\/\/collectifmdm-idf.org\/annuaire5\/wp-json\/wp\/v2\/posts\/1064","targetHints":{"allow":["GET"]}}],"collection":[{"href":"https:\/\/collectifmdm-idf.org\/annuaire5\/wp-json\/wp\/v2\/posts"}],"about":[{"href":"https:\/\/collectifmdm-idf.org\/annuaire5\/wp-json\/wp\/v2\/types\/post"}],"author":[{"embeddable":true,"href":"https:\/\/collectifmdm-idf.org\/annuaire5\/wp-json\/wp\/v2\/users\/1"}],"replies":[{"embeddable":true,"href":"https:\/\/collectifmdm-idf.org\/annuaire5\/wp-json\/wp\/v2\/comments?post=1064"}],"version-history":[{"count":0,"href":"https:\/\/collectifmdm-idf.org\/annuaire5\/wp-json\/wp\/v2\/posts\/1064\/revisions"}],"wp:featuredmedia":[{"embeddable":true,"href":"https:\/\/collectifmdm-idf.org\/annuaire5\/wp-json\/wp\/v2\/media\/1067"}],"wp:attachment":[{"href":"https:\/\/collectifmdm-idf.org\/annuaire5\/wp-json\/wp\/v2\/media?parent=1064"}],"wp:term":[{"taxonomy":"category","embeddable":true,"href":"https:\/\/collectifmdm-idf.org\/annuaire5\/wp-json\/wp\/v2\/categories?post=1064"},{"taxonomy":"post_tag","embeddable":true,"href":"https:\/\/collectifmdm-idf.org\/annuaire5\/wp-json\/wp\/v2\/tags?post=1064"}],"curies":[{"name":"wp","href":"https:\/\/api.w.org\/{rel}","templated":true}]}}