{"id":1053,"date":"2020-06-30T14:40:49","date_gmt":"2020-06-30T12:40:49","guid":{"rendered":"http:\/\/collectifmdm-idf.org\/?p=1053"},"modified":"2020-10-08T20:34:52","modified_gmt":"2020-10-08T18:34:52","slug":"appel-a-candidatures-fondation-daniel-et-nina-carasso-cite-internationale-des-arts","status":"publish","type":"post","link":"https:\/\/collectifmdm-idf.org\/annuaire5\/appel-a-candidatures-fondation-daniel-et-nina-carasso-cite-internationale-des-arts\/","title":{"rendered":"Appel \u00e0 candidatures Fondation Daniel et Nina Carasso \/ Cit\u00e9 internationale des arts (jusqu\u2019au 10 juillet 2020)"},"content":{"rendered":"\n<h2 class=\"wp-block-heading\"><\/h2>\n\n\n\n<p class=\"has-medium-font-size\">Un nouvel appel \u00e0 candidatures lanc\u00e9 dans le cadre du programme <strong>Fondation Daniel et Nina Carasso \/ Cit\u00e9 internationale des arts<\/strong>.<\/p>\n\n\n\n<p class=\"has-medium-font-size\">Le secteur artistique est particuli\u00e8rement touch\u00e9 par les cons\u00e9quences de la crise sanitaire du Covid-19. De nombreux artistes et professionnels subissent aujourd\u2019hui une perte de r\u00e9mun\u00e9ration cons\u00e9cutive \u00e0 des annulations et reports d\u2019\u00e9v\u00e9nements ou de projets.<\/p>\n\n\n\n<p class=\"has-medium-font-size\">En r\u00e9ponse \u00e0 cette situation grave et pour apporter un soutien aux artistes et professionnels de la sc\u00e8ne artistique fran\u00e7aise, la <strong>Fondation Daniel et Nina Carasso<\/strong> et la <strong>Cit\u00e9 internationale des arts s\u2019associen<\/strong>t pour cr\u00e9er<a href=\"https:\/\/www.citedesartsparis.net\/fr\/programme-2020-fondation-daniel-et-nina-carasso-cite-internationale-des-arts\" target=\"_blank\" rel=\"noreferrer noopener\"> <strong>un programme d\u2019accueil en r\u00e9sidence in\u00e9dit<\/strong><\/a>.<\/p>\n\n\n\n<p class=\"has-medium-font-size\">L\u2019objectif est de ce dispositif pluridisciplinaire est d\u2019offrir \u00e0 des artistes un <strong>espace de vie et de travail<\/strong>, un <strong>soutien financier<\/strong> et un <strong>environnement artistique propice<\/strong> pendant une dur\u00e9e de <strong>six mois<\/strong>, leur permettant de pouvoir reprendre leur souffle apr\u00e8s cette crise in\u00e9dite par son ampleur et sa dur\u00e9e.<\/p>\n\n\n\n<p class=\"has-medium-font-size\">Le programme comprend :<\/p>\n\n\n\n<p class=\"has-medium-font-size\">\u2022 La mise \u00e0 disposition \u00e0 titre gracieux d\u2019un <strong>atelier-logement<\/strong> sur le site du Marais de la Cit\u00e9 internationale des arts de <strong>septembre 2020 \u00e0 fin f\u00e9vrier 2021<\/strong> ;<\/p>\n\n\n\n<p class=\"has-medium-font-size\">\u2022 Une <strong>bourse de vie de 750 euros par mois<\/strong> ;<\/p>\n\n\n\n<p class=\"has-medium-font-size\">\u2022 Un <strong>accompagnement<\/strong> artistique et professionnel.<\/p>\n\n\n\n<p class=\"has-medium-font-size\">Il s\u2019adresse des artistes de toutes les disciplines relevant des champs suivants : <strong>Arts visuels<\/strong>, <strong>Cin\u00e9ma<\/strong>, <strong>\u00c9critures<\/strong>, <strong>Musiques <\/strong>et <strong>Spectacle vivant.<\/strong><\/p>\n\n\n\n<p class=\"has-medium-font-size\">Il est ouvert<strong> pour des artistes de toutes nationalit\u00e9s vivant en France<\/strong>.<\/p>\n\n\n\n<p class=\"has-medium-font-size\"><strong>10 candidatures<\/strong> seront retenues.<\/p>\n\n\n\n<p class=\"has-medium-font-size\">L\u2019appel est ouvert jusqu\u2019au <strong>10 juillet 2020<\/strong> \u00e0 minuit (heure de Paris).<\/p>\n\n\n\n<p class=\"has-medium-font-size\">Les artistes doivent d\u00e9poser directement leur candidature en suivant ce lien&nbsp;:<\/p>\n\n\n\n<p style=\"font-size:24px\" class=\"has-text-align-center\"><\/p>\n\n\n\n<h2 class=\"wp-block-heading\"><\/h2>\n\n\n\n<p class=\"has-medium-font-size\">Pour toute question concernant les candidatures vous pouvez envoyer un email \u00e0 l\u2019adresse suivante&nbsp;: <a href=\"mailto:commissions@citedesartsparis.fr\" rel=\"noreferrer noopener\" target=\"_blank\">commissions@citedesartsparis.fr<\/a>.<\/p>\n\n\n\n<h2 class=\"wp-block-heading\"><\/h2>\n\n\n\n<p class=\"has-text-color has-text-align-center has-medium-font-size has-luminous-vivid-orange-color\"><strong>&#8212;o&#8212;<\/strong><\/p>\n\n\n\n<h2 class=\"wp-block-heading\"><\/h2>\n","protected":false},"excerpt":{"rendered":"<p>Un nouvel appel \u00e0 candidatures lanc\u00e9 dans le cadre du programme Fondation Daniel et Nina Carasso \/ Cit\u00e9 internationale des arts. Le secteur artistique est particuli\u00e8rement touch\u00e9 par les cons\u00e9quences de la crise sanitaire du Covid-19. De nombreux artistes et professionnels subissent<\/p>\n<p class=\"link-more\"><a class=\"myButt \" href=\"https:\/\/collectifmdm-idf.org\/annuaire5\/appel-a-candidatures-fondation-daniel-et-nina-carasso-cite-internationale-des-arts\/\">EN SAVOIR +<\/a><\/p>\n","protected":false},"author":1,"featured_media":1056,"comment_status":"open","ping_status":"open","sticky":false,"template":"","format":"standard","meta":{"_rtcl_gb_attr":"","footnotes":""},"categories":[37],"tags":[],"class_list":["post-1053","post","type-post","status-publish","format-standard","has-post-thumbnail","hentry","category-appel-a-candidatures"],"_links":{"self":[{"href":"https:\/\/collectifmdm-idf.org\/annuaire5\/wp-json\/wp\/v2\/posts\/1053","targetHints":{"allow":["GET"]}}],"collection":[{"href":"https:\/\/collectifmdm-idf.org\/annuaire5\/wp-json\/wp\/v2\/posts"}],"about":[{"href":"https:\/\/collectifmdm-idf.org\/annuaire5\/wp-json\/wp\/v2\/types\/post"}],"author":[{"embeddable":true,"href":"https:\/\/collectifmdm-idf.org\/annuaire5\/wp-json\/wp\/v2\/users\/1"}],"replies":[{"embeddable":true,"href":"https:\/\/collectifmdm-idf.org\/annuaire5\/wp-json\/wp\/v2\/comments?post=1053"}],"version-history":[{"count":0,"href":"https:\/\/collectifmdm-idf.org\/annuaire5\/wp-json\/wp\/v2\/posts\/1053\/revisions"}],"wp:featuredmedia":[{"embeddable":true,"href":"https:\/\/collectifmdm-idf.org\/annuaire5\/wp-json\/wp\/v2\/media\/1056"}],"wp:attachment":[{"href":"https:\/\/collectifmdm-idf.org\/annuaire5\/wp-json\/wp\/v2\/media?parent=1053"}],"wp:term":[{"taxonomy":"category","embeddable":true,"href":"https:\/\/collectifmdm-idf.org\/annuaire5\/wp-json\/wp\/v2\/categories?post=1053"},{"taxonomy":"post_tag","embeddable":true,"href":"https:\/\/collectifmdm-idf.org\/annuaire5\/wp-json\/wp\/v2\/tags?post=1053"}],"curies":[{"name":"wp","href":"https:\/\/api.w.org\/{rel}","templated":true}]}}