{"id":1042,"date":"2020-06-23T11:49:52","date_gmt":"2020-06-23T09:49:52","guid":{"rendered":"http:\/\/collectifmdm-idf.org\/?p=1042"},"modified":"2020-10-08T20:35:20","modified_gmt":"2020-10-08T18:35:20","slug":"salon-de-musique-la-vie-continue-4-mardi-23-juin-2020-serenades-urbaines-de-vents-en-oceans","status":"publish","type":"post","link":"https:\/\/collectifmdm-idf.org\/annuaire5\/salon-de-musique-la-vie-continue-4-mardi-23-juin-2020-serenades-urbaines-de-vents-en-oceans\/","title":{"rendered":"Salon de Musique \u2013 La Vie Continue #4 \u2013 mardi 23 juin 2020 \u2013 S\u00e9r\u00e9nades Urbaines \u2013 De vents en oc\u00e9ans"},"content":{"rendered":"\n<h2 class=\"wp-block-heading\"><\/h2>\n\n\n\n<p class=\"has-text-align-center\">LA VIE CONTINUE pr\u00e9sente\u00a0<strong>SALONS DE MUSIQUES<\/strong><br><a rel=\"noreferrer noopener\" target=\"_blank\" href=\"https:\/\/www.facebook.com\/hashtag\/scenefrancaise?__eep__=6\">#SceneFrancaise<\/a><br><strong>Tous les mardis de juin 2020 \u00e0 19h00 sur ZOOM\u2026<\/strong> <br>\u26a1\u26a1\u00a0Id r\u00e9union : 512 169 1084\u00a0\u26a1\u26a1<br>LAISSEZ-VOUS SURPRENDRE !<br>\ud83c\udfe0\ud83c\udfa7\ud83c\udf77\ud83d\udecb\ud83c\udfb8\ud83d\udc40\ud83c\udfe0\ud83c\udfa7\ud83c\udf77\ud83d\udecb\ud83c\udfb8\ud83d\udc40\ud83c\udfe0\ud83c\udfa7\ud83c\udf77\ud83d\udecb\ud83c\udfb8\ud83d\udc40 <br><\/p>\n\n\n\n<h2 class=\"wp-block-heading\"><\/h2>\n\n\n\n<p class=\"has-text-align-center has-medium-font-size\"><strong>Salon de Musique \u2013 La Vie Continue #4 \u2013 mardi 23 juin 2020 \u2013 S\u00e9r\u00e9nades Urbaines \u2013 De vents en oc\u00e9ans<\/strong><\/p>\n\n\n\n<h3 class=\"wp-block-heading\"><\/h3>\n\n\n\n<div class=\"wp-block-image\"><figure class=\"aligncenter size-large\"><img fetchpriority=\"high\" decoding=\"async\" width=\"500\" height=\"500\" src=\"https:\/\/collectifmdm-idf.org\/wp-content\/uploads\/2020\/06\/lvc4-gif.gif\" alt=\"\" class=\"wp-image-1049\"\/><\/figure><\/div>\n\n\n\n<p class=\"has-medium-font-size\">Avec <br>&#8211; <a href=\"https:\/\/www.facebook.com\/lasfamatinas\/?__tn__=KH-R&amp;eid=ARDLo7aMI453w3qZTtwdht3A4UISCSnlZofwmvDeQeqG7kfj5wqfCN8rlPaHtcVljpRKjCEpALDMpe88&amp;fref=mentions&amp;__xts__%5B0%5D=68.ARDMxlB2Jw65V6krBC6ka-Cao_JJyj9RSgViIhmNrVZnJCBsU1tpnxWTOu_otATjBUw-Tk1q4bTEXgyz0VqgWW2FlN892nEo_VzHLFgzLVoMzCCP5x7MvqNHHVs_D2cjWr5_gTV8h0eWEvRq1R-BB-NEu8CyYs9C_qEUVjzz-3YSJbsl-WVORBthiTRNi7R-5xpKyyBXk4t-ZCzJ6SYBdzm7w1ErDB-QKqlHmQSPf2jvDWAt-YSyVaTvvGic8BKeCeNbl8OlrwUqDaSACFRqlsJ07Jn7VciHfdSDNw7MiWVYVzYvcAjC_kBeHnnlYv4hDJ-IntnWcyyZ39WaRGMeJ8TKxSRsIH_CbGWg0CcUdEwPkbZh_S3QPK3IJfTiJt6OVs4L2nci8bNH9R0fm_S2hx6S17oei3qMGXQfbwKv9-CKr0sgmo0-QMjQBQW3JgAiscb5LsVllDS60z3tVzHaAK5h-kEC_kZYK6c0iV34-ociRAMxInim_g\">Las Famatinas<\/a>\u00a0avec Ninon Valder &amp; Chlo\u00e9 Breillot <br>\u00a0&#8211; <a href=\"https:\/\/www.facebook.com\/Kasmirsantoorplayer\/?__tn__=KH-R&amp;eid=ARB6viNEOKEqz12f3Fn8jMwM5JcSIzmAlwflycvzJMuIp__c-1BQDzlRdvFBj4eXrjLHUmgcGNT1xdnO&amp;fref=mentions&amp;__xts__%5B0%5D=68.ARDMxlB2Jw65V6krBC6ka-Cao_JJyj9RSgViIhmNrVZnJCBsU1tpnxWTOu_otATjBUw-Tk1q4bTEXgyz0VqgWW2FlN892nEo_VzHLFgzLVoMzCCP5x7MvqNHHVs_D2cjWr5_gTV8h0eWEvRq1R-BB-NEu8CyYs9C_qEUVjzz-3YSJbsl-WVORBthiTRNi7R-5xpKyyBXk4t-ZCzJ6SYBdzm7w1ErDB-QKqlHmQSPf2jvDWAt-YSyVaTvvGic8BKeCeNbl8OlrwUqDaSACFRqlsJ07Jn7VciHfdSDNw7MiWVYVzYvcAjC_kBeHnnlYv4hDJ-IntnWcyyZ39WaRGMeJ8TKxSRsIH_CbGWg0CcUdEwPkbZh_S3QPK3IJfTiJt6OVs4L2nci8bNH9R0fm_S2hx6S17oei3qMGXQfbwKv9-CKr0sgmo0-QMjQBQW3JgAiscb5LsVllDS60z3tVzHaAK5h-kEC_kZYK6c0iV34-ociRAMxInim_g\">Try Paradise<\/a>\u00a0 <br>&#8211; Ymelda Marie-louise <br>&#8211; <a href=\"https:\/\/www.facebook.com\/ninonvalder?__tn__=KH-R&amp;eid=ARD9Gz4oZnSi_0GJz15_JHkAlej38BS181z1wBGjyhh0u9EiBwIltxv7upkBq4ZhsxwrZKlDL1DltPJD&amp;fref=mentions&amp;__xts__%5B0%5D=68.ARDMxlB2Jw65V6krBC6ka-Cao_JJyj9RSgViIhmNrVZnJCBsU1tpnxWTOu_otATjBUw-Tk1q4bTEXgyz0VqgWW2FlN892nEo_VzHLFgzLVoMzCCP5x7MvqNHHVs_D2cjWr5_gTV8h0eWEvRq1R-BB-NEu8CyYs9C_qEUVjzz-3YSJbsl-WVORBthiTRNi7R-5xpKyyBXk4t-ZCzJ6SYBdzm7w1ErDB-QKqlHmQSPf2jvDWAt-YSyVaTvvGic8BKeCeNbl8OlrwUqDaSACFRqlsJ07Jn7VciHfdSDNw7MiWVYVzYvcAjC_kBeHnnlYv4hDJ-IntnWcyyZ39WaRGMeJ8TKxSRsIH_CbGWg0CcUdEwPkbZh_S3QPK3IJfTiJt6OVs4L2nci8bNH9R0fm_S2hx6S17oei3qMGXQfbwKv9-CKr0sgmo0-QMjQBQW3JgAiscb5LsVllDS60z3tVzHaAK5h-kEC_kZYK6c0iV34-ociRAMxInim_g\">Ninon Valder<\/a>\u00a0<br>+ la chronique de \u00a0<a href=\"https:\/\/www.facebook.com\/tania.pividori?__tn__=KH-R&amp;eid=ARAwCK3qJ11dxUpAbwItzW3sjBVpwKcQSU4Qkfk1QpMojXBJL2FXwhMu7DCOXpe3So98ZGCx6BdN1Dh_&amp;fref=mentions&amp;__xts__%5B0%5D=68.ARDMxlB2Jw65V6krBC6ka-Cao_JJyj9RSgViIhmNrVZnJCBsU1tpnxWTOu_otATjBUw-Tk1q4bTEXgyz0VqgWW2FlN892nEo_VzHLFgzLVoMzCCP5x7MvqNHHVs_D2cjWr5_gTV8h0eWEvRq1R-BB-NEu8CyYs9C_qEUVjzz-3YSJbsl-WVORBthiTRNi7R-5xpKyyBXk4t-ZCzJ6SYBdzm7w1ErDB-QKqlHmQSPf2jvDWAt-YSyVaTvvGic8BKeCeNbl8OlrwUqDaSACFRqlsJ07Jn7VciHfdSDNw7MiWVYVzYvcAjC_kBeHnnlYv4hDJ-IntnWcyyZ39WaRGMeJ8TKxSRsIH_CbGWg0CcUdEwPkbZh_S3QPK3IJfTiJt6OVs4L2nci8bNH9R0fm_S2hx6S17oei3qMGXQfbwKv9-CKr0sgmo0-QMjQBQW3JgAiscb5LsVllDS60z3tVzHaAK5h-kEC_kZYK6c0iV34-ociRAMxInim_g\">Tania Pividori<\/a>\u00a0!<\/p>\n\n\n\n<h2 class=\"wp-block-heading\"><\/h2>\n\n\n\n<ul class=\"wp-block-list\"><li><a href=\"https:\/\/www.facebook.com\/lasfamatinas\/?__xts__%5B0%5D=68.ARCWB44gbKGBJ9QgNJ9il6sJrD3baGUlu8g9u4wdklPJYyDMG_dLQhuy2CVa5pzjbPpT1Qf4v8vW25-7LY4cyT-Q8Z5V-UWlOFRdzojB8IQYMm5AJUIdqt8IbAwCdtRGK5bR-gIQ47brtpoi3Nu5T5EDLYBG_yi98BhGTir15LPMdbfRp2uhyRTNtbH-SeTSAhyQeaRoH789lc2jcJ9yDdUxEjtC8wXBU8uAglcqmAFNdAZat_zWjUAF4wtJrMDIbtRH1q1Euzot--BI8IHvkewzm0xtYtzcNewvnTP_4WPjauqZq-ky3dJu5y__qXMo5ms9xjtFucJEoYeMdnlB31BBWP0biFUUnMMvff8LXQ9bbrkmLqN2Q5T2I1xqkq4l1Y_6ftFokyeqxNVUWSdtjcjKBopT-cv0xpSD0r-c-ftsXVUpuFLzeiqeM-IMrIUTqmNlmwWx9AeXE1tMrVtK8KKY-bMLcPgKAJ3YmH35KA&amp;__tn__=%2CdK%2AF-R&amp;eid=ARAMKJ_pMYVkv-uc3D9AbYc741fMRccrTzzwarzXrIUMJnt2b-F0JoTSFEceITa0mkIuW7LU_mt8fssA\">Las Famatinas<\/a>\u00a0trois femmes (qui seront deux ce soir) chanteuses et instrumentistes qui vous invitent au voyage en Argentine avec voix, bandon\u00e9on, fl\u00fbtes &amp; ukulele !- <\/li><\/ul>\n\n\n\n<p class=\"has-medium-font-size\">Les artistes : <br><br>&#8211; <a href=\"https:\/\/www.facebook.com\/lasfamatinas\/?__xts__%5B0%5D=68.ARCWB44gbKGBJ9QgNJ9il6sJrD3baGUlu8g9u4wdklPJYyDMG_dLQhuy2CVa5pzjbPpT1Qf4v8vW25-7LY4cyT-Q8Z5V-UWlOFRdzojB8IQYMm5AJUIdqt8IbAwCdtRGK5bR-gIQ47brtpoi3Nu5T5EDLYBG_yi98BhGTir15LPMdbfRp2uhyRTNtbH-SeTSAhyQeaRoH789lc2jcJ9yDdUxEjtC8wXBU8uAglcqmAFNdAZat_zWjUAF4wtJrMDIbtRH1q1Euzot--BI8IHvkewzm0xtYtzcNewvnTP_4WPjauqZq-ky3dJu5y__qXMo5ms9xjtFucJEoYeMdnlB31BBWP0biFUUnMMvff8LXQ9bbrkmLqN2Q5T2I1xqkq4l1Y_6ftFokyeqxNVUWSdtjcjKBopT-cv0xpSD0r-c-ftsXVUpuFLzeiqeM-IMrIUTqmNlmwWx9AeXE1tMrVtK8KKY-bMLcPgKAJ3YmH35KA&amp;__tn__=%2CdK%2AF-R&amp;eid=ARAMKJ_pMYVkv-uc3D9AbYc741fMRccrTzzwarzXrIUMJnt2b-F0JoTSFEceITa0mkIuW7LU_mt8fssA\">Las Famatinas<\/a>\u00a0trois femmes chanteuses et instrumentistes qui vous invitent au voyage en Argentine avec voix, bandon\u00e9on, fl\u00fbtes &amp; ukulele !<br>&#8211; <strong>Try Paradise<\/strong>,  un projet artistique in\u00e9dit initi\u00e9 par Jean-Marc Zelwer : la rencontre d&#8217;artistes aux sensibilit\u00e9s et origines diverses de l&#8217;Inde aux Cara\u00efbes autour de compositions originales et d&#8217;improvisations pour le santour du Cachemire !<br>&#8211; <strong>Ymelda Marie-louise<\/strong> est une chanteuse martinico-ha\u00eftienne qui m\u00eale des rythmiques traditionnelles sacr\u00e9es de Ha\u00efti.<br>&#8211; <strong>Tania Pividori<\/strong>\u00a0bouscule les fronti\u00e8res de la vocalit\u00e9 par son parcours \u00e9clectique. Entre pi\u00e8ces contemporaines, improvisations, chanson, polyphonies savantes ou de tradition orale, elle m\u00eale les genres, et multiplie les collaborations.<\/p>\n\n\n\n<h2 class=\"wp-block-heading\"><\/h2>\n\n\n\n<p class=\"has-text-align-center has-medium-font-size\"><strong>\ud83d\udd25 Les autres rendez-vous \ud83d\udd25<\/strong><\/p>\n\n\n\n<p class=\"has-text-align-center has-medium-font-size\"><a href=\"https:\/\/collectifmdm-idf.org\/2020\/06\/03\/salon-de-musique-la-vie-continue-1-serenades-urbaines-de-souffle-en-souffle\/\">Salon de Musique #1 : Mardi 2 juin<\/a><br><a href=\"https:\/\/collectifmdm-idf.org\/2020\/06\/10\/salon-de-musique-la-vie-continue-2-serenades-urbaines-au-creux-de-loreille\/\">Salon de Musique #2 : Mardi 9 juin<\/a><br><a href=\"https:\/\/collectifmdm-idf.org\/2020\/06\/15\/salon-de-musique-la-vie-continue-3-serenades-urbaines-la-melodie-des-mots\/\">Salon de Musique #3 : Mardi 16 juin<br><\/a>Salon de Musique #4 : Mardi 23 juin<\/p>\n\n\n\n<h2 class=\"wp-block-heading\"><\/h2>\n\n\n\n<p class=\"has-medium-font-size\">Propos\u00e9s dans le cadre de LA VIE CONTINUE du <strong>Collectif Musiques et Danses du Monde en \u00cele de France<\/strong> en partenariat avec <strong>Villes des Musiques du Monde<\/strong> et sous l&#8217;impulsion de l\u2019artiste Ninon Valder.<\/p>\n\n\n\n<h2 class=\"wp-block-heading\"><\/h2>\n\n\n\n<p class=\"has-text-color has-text-align-center has-medium-font-size has-luminous-vivid-amber-color\"><strong>&#8212;o&#8212;<\/strong><\/p>\n\n\n\n<h2 class=\"wp-block-heading\"><\/h2>\n\n\n\n<p><\/p>\n","protected":false},"excerpt":{"rendered":"<p>LA VIE CONTINUE pr\u00e9sente\u00a0SALONS DE MUSIQUES#SceneFrancaiseTous les mardis de juin 2020 \u00e0 19h00 sur ZOOM\u2026 \u26a1\u26a1\u00a0Id r\u00e9union : 512 169 1084\u00a0\u26a1\u26a1LAISSEZ-VOUS SURPRENDRE !\ud83c\udfe0\ud83c\udfa7\ud83c\udf77\ud83d\udecb\ud83c\udfb8\ud83d\udc40\ud83c\udfe0\ud83c\udfa7\ud83c\udf77\ud83d\udecb\ud83c\udfb8\ud83d\udc40\ud83c\udfe0\ud83c\udfa7\ud83c\udf77\ud83d\udecb\ud83c\udfb8\ud83d\udc40 Salon de Musique \u2013 La Vie Continue #4 \u2013 mardi 23 juin 2020 \u2013 S\u00e9r\u00e9nades Urbaines \u2013 De vents<\/p>\n<p class=\"link-more\"><a class=\"myButt \" href=\"https:\/\/collectifmdm-idf.org\/annuaire5\/salon-de-musique-la-vie-continue-4-mardi-23-juin-2020-serenades-urbaines-de-vents-en-oceans\/\">EN SAVOIR +<\/a><\/p>\n","protected":false},"author":1,"featured_media":1045,"comment_status":"open","ping_status":"open","sticky":false,"template":"","format":"standard","meta":{"_rtcl_gb_attr":"","footnotes":""},"categories":[13,15],"tags":[],"class_list":["post-1042","post","type-post","status-publish","format-standard","has-post-thumbnail","hentry","category-audiovisuel","category-evenement"],"_links":{"self":[{"href":"https:\/\/collectifmdm-idf.org\/annuaire5\/wp-json\/wp\/v2\/posts\/1042","targetHints":{"allow":["GET"]}}],"collection":[{"href":"https:\/\/collectifmdm-idf.org\/annuaire5\/wp-json\/wp\/v2\/posts"}],"about":[{"href":"https:\/\/collectifmdm-idf.org\/annuaire5\/wp-json\/wp\/v2\/types\/post"}],"author":[{"embeddable":true,"href":"https:\/\/collectifmdm-idf.org\/annuaire5\/wp-json\/wp\/v2\/users\/1"}],"replies":[{"embeddable":true,"href":"https:\/\/collectifmdm-idf.org\/annuaire5\/wp-json\/wp\/v2\/comments?post=1042"}],"version-history":[{"count":0,"href":"https:\/\/collectifmdm-idf.org\/annuaire5\/wp-json\/wp\/v2\/posts\/1042\/revisions"}],"wp:featuredmedia":[{"embeddable":true,"href":"https:\/\/collectifmdm-idf.org\/annuaire5\/wp-json\/wp\/v2\/media\/1045"}],"wp:attachment":[{"href":"https:\/\/collectifmdm-idf.org\/annuaire5\/wp-json\/wp\/v2\/media?parent=1042"}],"wp:term":[{"taxonomy":"category","embeddable":true,"href":"https:\/\/collectifmdm-idf.org\/annuaire5\/wp-json\/wp\/v2\/categories?post=1042"},{"taxonomy":"post_tag","embeddable":true,"href":"https:\/\/collectifmdm-idf.org\/annuaire5\/wp-json\/wp\/v2\/tags?post=1042"}],"curies":[{"name":"wp","href":"https:\/\/api.w.org\/{rel}","templated":true}]}}