{"id":10165,"date":"2023-06-13T14:21:43","date_gmt":"2023-06-13T12:21:43","guid":{"rendered":"https:\/\/collectifmdm-idf.org\/?p=10165"},"modified":"2023-06-14T16:55:49","modified_gmt":"2023-06-14T14:55:49","slug":"assemblee_generale_peniche_anako","status":"publish","type":"post","link":"https:\/\/collectifmdm-idf.org\/annuaire5\/assemblee_generale_peniche_anako\/","title":{"rendered":"Assembl\u00e9e g\u00e9n\u00e9rale \u2022 Ven. 30 juin"},"content":{"rendered":"\t\t<div data-elementor-type=\"wp-post\" data-elementor-id=\"10165\" class=\"elementor elementor-10165\">\n\t\t\t\t\t\t<section class=\"elementor-section elementor-top-section elementor-element elementor-element-a03194f elementor-section-boxed elementor-section-height-default elementor-section-height-default\" data-id=\"a03194f\" data-element_type=\"section\">\n\t\t\t\t\t\t<div class=\"elementor-container elementor-column-gap-default\">\n\t\t\t\t\t<div class=\"elementor-column elementor-col-100 elementor-top-column elementor-element elementor-element-56ef37e\" data-id=\"56ef37e\" data-element_type=\"column\">\n\t\t\t<div class=\"elementor-widget-wrap elementor-element-populated\">\n\t\t\t\t\t\t<div class=\"elementor-element elementor-element-6ba11b9 elementor-widget elementor-widget-image\" data-id=\"6ba11b9\" data-element_type=\"widget\" data-widget_type=\"image.default\">\n\t\t\t\t<div class=\"elementor-widget-container\">\n\t\t\t\t\t\t\t\t\t\t\t\t\t<img decoding=\"async\" width=\"300\" height=\"68\" src=\"https:\/\/collectifmdm-idf.org\/annuaire5\/wp-content\/uploads\/2023\/06\/logo-collectif-MDM-IDF-300x68.png\" class=\"attachment-medium size-medium wp-image-10166\" alt=\"\" srcset=\"https:\/\/collectifmdm-idf.org\/annuaire5\/wp-content\/uploads\/2023\/06\/logo-collectif-MDM-IDF-300x68.png 300w, https:\/\/collectifmdm-idf.org\/annuaire5\/wp-content\/uploads\/2023\/06\/logo-collectif-MDM-IDF-768x174.png 768w, https:\/\/collectifmdm-idf.org\/annuaire5\/wp-content\/uploads\/2023\/06\/logo-collectif-MDM-IDF.png 864w\" sizes=\"(max-width: 300px) 100vw, 300px\" title=\"\" \/>\t\t\t\t\t\t\t\t\t\t\t\t\t<\/div>\n\t\t\t\t<\/div>\n\t\t\t\t\t<\/div>\n\t\t<\/div>\n\t\t\t\t\t<\/div>\n\t\t<\/section>\n\t\t\t\t<section class=\"elementor-section elementor-top-section elementor-element elementor-element-67f92cc elementor-section-boxed elementor-section-height-default elementor-section-height-default\" data-id=\"67f92cc\" data-element_type=\"section\">\n\t\t\t\t\t\t<div class=\"elementor-container elementor-column-gap-default\">\n\t\t\t\t\t<div class=\"elementor-column elementor-col-100 elementor-top-column elementor-element elementor-element-62765bf\" data-id=\"62765bf\" data-element_type=\"column\">\n\t\t\t<div class=\"elementor-widget-wrap elementor-element-populated\">\n\t\t\t\t\t\t<div class=\"elementor-element elementor-element-f16ca07 elementor-widget elementor-widget-heading\" data-id=\"f16ca07\" data-element_type=\"widget\" data-widget_type=\"heading.default\">\n\t\t\t\t<div class=\"elementor-widget-container\">\n\t\t\t<h2 class=\"elementor-heading-title elementor-size-default\">Assembl\u00e9e g\u00e9n\u00e9rale<\/h2>\t\t<\/div>\n\t\t\t\t<\/div>\n\t\t\t\t<div class=\"elementor-element elementor-element-39b8a46 elementor-widget elementor-widget-heading\" data-id=\"39b8a46\" data-element_type=\"widget\" data-widget_type=\"heading.default\">\n\t\t\t\t<div class=\"elementor-widget-container\">\n\t\t\t<h4 class=\"elementor-heading-title elementor-size-default\">P\u00e9niche Anako \u2022 Ven. 30 juin<\/h4>\t\t<\/div>\n\t\t\t\t<\/div>\n\t\t\t\t\t<\/div>\n\t\t<\/div>\n\t\t\t\t\t<\/div>\n\t\t<\/section>\n\t\t\t\t<section class=\"elementor-section elementor-top-section elementor-element elementor-element-53cd469 elementor-section-boxed elementor-section-height-default elementor-section-height-default\" data-id=\"53cd469\" data-element_type=\"section\">\n\t\t\t\t\t\t<div class=\"elementor-container elementor-column-gap-default\">\n\t\t\t\t\t<div class=\"elementor-column elementor-col-100 elementor-top-column elementor-element elementor-element-42b689e\" data-id=\"42b689e\" data-element_type=\"column\">\n\t\t\t<div class=\"elementor-widget-wrap elementor-element-populated\">\n\t\t\t\t\t\t<div class=\"elementor-element elementor-element-fcf4c71 elementor-widget elementor-widget-text-editor\" data-id=\"fcf4c71\" data-element_type=\"widget\" data-widget_type=\"text-editor.default\">\n\t\t\t\t<div class=\"elementor-widget-container\">\n\t\t\t\t\t\t\t<p><span style=\"color: #000000;\">Venez profiter de ce <strong>temps de vie associative pour \u00e9changer et mieux vous conna\u00eetre<\/strong>. Le Collectif d\u00e9veloppe<strong> des projets pour ses adh\u00e9rents, avec ses adh\u00e9rents<\/strong>. Venez nous rencontrer !<\/span><\/p><p><span style=\"color: #000000;\">L&#8217;assembl\u00e9e g\u00e9n\u00e9rale sera <strong>suivie d&#8217;un ap\u00e9ro d\u00e9jeunatoire<\/strong>.<br \/><br \/><\/span><strong><span style=\"color: #000000;\">ORDRE DU JOUR DE l&#8217;AG<br \/><\/span><\/strong><span style=\"color: #000000;\">. Approbation du compte rendu de l&#8217;AG<br \/><\/span><span style=\"color: #000000;\">. Rapport moral du Pr\u00e9sident et projet d&#8217;orientation<br \/><\/span><span style=\"color: #000000;\">. Validation des comptes et affectation du r\u00e9sultat<br \/><\/span><span style=\"color: #000000;\">. Projet d\u2019activit\u00e9<br \/><\/span><span style=\"color: #000000;\">. \u00c9lection des membres du Conseil d&#8217;Administration<br \/><\/span><span style=\"color: #000000;\">. Questions diverses<br \/><br \/><\/span><\/p><p><span style=\"color: #000000;\"><strong>HORAIRES<\/strong><br \/><\/span><span style=\"color: #000000;\">. Accueil : 11h<\/span><br \/><span style=\"color: #000000;\">. AG : 11h15 &#8211; 12h45<\/span><br \/><span style=\"color: #000000;\">. Ap\u00e9ro d\u00e9jeunatoire : 13h<br \/><br \/><\/span><span style=\"color: #000000;\"><strong><span style=\"color: #f93305;\">INFOS PRATIQUES :<\/span><br \/><\/strong>. <strong>P\u00e9niche Anako<\/strong>, Paris 19\u00e8me<\/span><br \/><span style=\"color: #000000;\">Bassin de la Villette face au, 34 Quai de la Loire, 75019 Paris <br \/>. Vendredi <strong>30 juin<\/strong>, \u00e0 partir de <strong>11h<\/strong>.<strong><br \/><\/strong>.<strong> Inscription avant le 23 juin <\/strong>en compl\u00e9tant le<strong> formulaire ci-dessous.<\/strong><\/span><\/p>\t\t\t\t\t\t<\/div>\n\t\t\t\t<\/div>\n\t\t\t\t\t<\/div>\n\t\t<\/div>\n\t\t\t\t\t<\/div>\n\t\t<\/section>\n\t\t\t\t<section class=\"elementor-section elementor-top-section elementor-element elementor-element-ef8b7eb elementor-section-boxed elementor-section-height-default elementor-section-height-default\" data-id=\"ef8b7eb\" data-element_type=\"section\">\n\t\t\t\t\t\t<div class=\"elementor-container elementor-column-gap-default\">\n\t\t\t\t\t<div class=\"elementor-column elementor-col-100 elementor-top-column elementor-element elementor-element-17afbbd\" data-id=\"17afbbd\" data-element_type=\"column\">\n\t\t\t<div class=\"elementor-widget-wrap elementor-element-populated\">\n\t\t\t\t\t\t<div class=\"elementor-element elementor-element-cf5f3ec elementor-widget elementor-widget-html\" data-id=\"cf5f3ec\" data-element_type=\"widget\" data-widget_type=\"html.default\">\n\t\t\t\t<div class=\"elementor-widget-container\">\n\t\t\t<iframe src=\"https:\/\/docs.google.com\/forms\/d\/e\/1FAIpQLSdPSY87FTb13k_TGXRM1lr8jEQ7XN6LM5nuPineEqYHQ1XC5w\/viewform?embedded=true\" width=\"640\" height=\"1582\" frameborder=\"0\" marginheight=\"0\" marginwidth=\"0\">Chargement\u2026<\/iframe>\t\t<\/div>\n\t\t\t\t<\/div>\n\t\t\t\t\t<\/div>\n\t\t<\/div>\n\t\t\t\t\t<\/div>\n\t\t<\/section>\n\t\t\t\t<\/div>\n\t\t","protected":false},"excerpt":{"rendered":"<p>Assembl\u00e9e g\u00e9n\u00e9rale P\u00e9niche Anako \u2022 Ven. 30 juin Venez profiter de ce temps de vie associative pour \u00e9changer et mieux vous conna\u00eetre. Le Collectif d\u00e9veloppe des projets pour ses adh\u00e9rents, avec ses adh\u00e9rents. Venez nous rencontrer ! L&#8217;assembl\u00e9e g\u00e9n\u00e9rale sera suivie d&#8217;un<\/p>\n<p class=\"link-more\"><a class=\"myButt \" href=\"https:\/\/collectifmdm-idf.org\/annuaire5\/assemblee_generale_peniche_anako\/\">EN SAVOIR +<\/a><\/p>\n","protected":false},"author":1,"featured_media":0,"comment_status":"open","ping_status":"open","sticky":false,"template":"","format":"standard","meta":{"_rtcl_gb_attr":"","footnotes":""},"categories":[1,9],"tags":[],"class_list":["post-10165","post","type-post","status-publish","format-standard","hentry","category-non-classe","category-rencontres"],"_links":{"self":[{"href":"https:\/\/collectifmdm-idf.org\/annuaire5\/wp-json\/wp\/v2\/posts\/10165","targetHints":{"allow":["GET"]}}],"collection":[{"href":"https:\/\/collectifmdm-idf.org\/annuaire5\/wp-json\/wp\/v2\/posts"}],"about":[{"href":"https:\/\/collectifmdm-idf.org\/annuaire5\/wp-json\/wp\/v2\/types\/post"}],"author":[{"embeddable":true,"href":"https:\/\/collectifmdm-idf.org\/annuaire5\/wp-json\/wp\/v2\/users\/1"}],"replies":[{"embeddable":true,"href":"https:\/\/collectifmdm-idf.org\/annuaire5\/wp-json\/wp\/v2\/comments?post=10165"}],"version-history":[{"count":0,"href":"https:\/\/collectifmdm-idf.org\/annuaire5\/wp-json\/wp\/v2\/posts\/10165\/revisions"}],"wp:attachment":[{"href":"https:\/\/collectifmdm-idf.org\/annuaire5\/wp-json\/wp\/v2\/media?parent=10165"}],"wp:term":[{"taxonomy":"category","embeddable":true,"href":"https:\/\/collectifmdm-idf.org\/annuaire5\/wp-json\/wp\/v2\/categories?post=10165"},{"taxonomy":"post_tag","embeddable":true,"href":"https:\/\/collectifmdm-idf.org\/annuaire5\/wp-json\/wp\/v2\/tags?post=10165"}],"curies":[{"name":"wp","href":"https:\/\/api.w.org\/{rel}","templated":true}]}}