{"id":182,"count":125,"description":"D\u00e8s l\u2019\u00e9t\u00e9 2020, en pleine pand\u00e9mie, le Collectif des Musiques et Danses du Monde en Ile-de-France a initi\u00e9 un dispositif visant \u00e0 permettre que spectacles et concerts, au plus pr\u00e8s des habitants, puissent continuer, voire se d\u00e9velopper dans un contexte difficile\u2026 qui l\u2019est toujours.\r\n\r\n35 propositions en 2020,  80 en 2022, 126 en 2023 \u2026 la richesse des acteurs des musiques et danses du monde en Ile-de-France est r\u00e9elle.\r\n \r\nCette d\u00e9marche participe \u00e0 la mission du Collectif de rep\u00e9rer les projets artistiques, les recenser pour les mettre en lumi\u00e8re et mieux les accompagner. Ces expressions de qualit\u00e9 m\u00e9ritent d\u2019\u00eatre soutenues par un espace de diffusion \u00e9largi. Aussi, en 2023, le Collectif lance\r\nune mission de diffusion aupr\u00e8s des organisateurs occasionnels, suite aux demandes r\u00e9p\u00e9t\u00e9es de ce type d\u2019acteurs \r\npour les accompagner dans la programmation d\u2019artistes du territoire tout au long de l\u2019ann\u00e9e. \r\n\r\nNous esp\u00e9rons que cette op\u00e9ration permettra de nombreuses rencontres porteuses d\u2019avenir !","link":"https:\/\/collectifmdm-idf.org\/annuaire5\/category\/collectifentournee4\/","name":"Collectif en Tourn\u00e9e #4","slug":"collectifentournee4","taxonomy":"category","parent":0,"meta":[],"_links":{"self":[{"href":"https:\/\/collectifmdm-idf.org\/annuaire5\/wp-json\/wp\/v2\/categories\/182","targetHints":{"allow":["GET"]}}],"collection":[{"href":"https:\/\/collectifmdm-idf.org\/annuaire5\/wp-json\/wp\/v2\/categories"}],"about":[{"href":"https:\/\/collectifmdm-idf.org\/annuaire5\/wp-json\/wp\/v2\/taxonomies\/category"}],"wp:post_type":[{"href":"https:\/\/collectifmdm-idf.org\/annuaire5\/wp-json\/wp\/v2\/posts?categories=182"},{"href":"https:\/\/collectifmdm-idf.org\/annuaire5\/wp-json\/wp\/v2\/pages?categories=182"}],"curies":[{"name":"wp","href":"https:\/\/api.w.org\/{rel}","templated":true}]}}